{"id":2279,"date":"2023-11-24T12:51:47","date_gmt":"2023-11-24T11:51:47","guid":{"rendered":"https:\/\/beta.trufgourmet.com\/trufgourmet-has-received-a-recognition-by-the-european-union-for-its-economic-value-in-a-rural-area\/"},"modified":"2023-11-24T12:51:48","modified_gmt":"2023-11-24T11:51:48","slug":"trufgourmet-has-received-a-recognition-by-the-european-union-for-its-economic-value-in-a-rural-area","status":"publish","type":"post","link":"https:\/\/www.trufgourmet.com\/en\/trufgourmet-has-received-a-recognition-by-the-european-union-for-its-economic-value-in-a-rural-area\/","title":{"rendered":"Trufgourmet has received a recognition by the European Union for its economic value in a rural area."},"content":{"rendered":"<p>La Uni\u00f3n Europea ha reconocido a la empresa soriana Trufgourmet por su idea innovadora &#8220;que aporta gran valor econ\u00f3mico en una zona rural&#8221;. Con esta menci\u00f3n se pone en valor las buenas pr\u00e1cticas de empresas lideradas por mujeres que aportan su trabajo y experiencia incidiendo positivamente en su entorno.<\/p>\n<p>Este reconocimiento se lleva a cabo por la UE entre las empresas participanetes en el Programa de Apoyo Empresarial a las Mujeres (PAEM) que lidera la C\u00e1mara de Comercio de Espa\u00f1a en colaboraci\u00f3n con el Instituto de la Mujer y de Igualdad de Oportunidades y el Fondo Social Europeo.<\/p>\n<figure class=\"wp-block-image size-full\"><img loading=\"lazy\" decoding=\"async\" class=\"wp-image-986 size-full aligncenter\" src=\"https:\/\/beta.trufgourmet.com\/wp-content\/uploads\/2020\/08\/ed1411d5-b335-453a-a89e-3357302f2004.jpg\" alt=\"Reportaje publicado en El Mundo- Heraldo- Diario de Soria\" width=\"750\" height=\"628\" srcset=\"https:\/\/www.trufgourmet.com\/wp-content\/uploads\/2020\/08\/ed1411d5-b335-453a-a89e-3357302f2004.jpg 750w, https:\/\/www.trufgourmet.com\/wp-content\/uploads\/2020\/08\/ed1411d5-b335-453a-a89e-3357302f2004-600x502.jpg 600w, https:\/\/www.trufgourmet.com\/wp-content\/uploads\/2020\/08\/ed1411d5-b335-453a-a89e-3357302f2004-300x251.jpg 300w\" sizes=\"(max-width: 750px) 100vw, 750px\" \/><figcaption>Reportaje publicado en El Mundo- Heraldo- Diario de Soria<\/figcaption><\/figure>\n<p>Trufgourmet lleva trabajando desde 2015 en la producci\u00f3n y comercializaci\u00f3n de trufa negra y la difusi\u00f3n de la truficultura. Actualmente, cuenta con plantaciones propias en Soria y trabaja con truficultores de las principales zonas truferas de Espa\u00f1a.<\/p>\n<figure class=\"wp-block-image size-large is-resized\"><img loading=\"lazy\" decoding=\"async\" class=\"wp-image-977 size-full aligncenter\" title=\"Trufgourmet durante su participaci\u00f3n en la Feria de la Trufa Trufax 2020\" src=\"https:\/\/beta.trufgourmet.com\/wp-content\/uploads\/2020\/08\/Trufax-Feria-trufa-Soria.jpg\" alt=\"Trufgourmet durante su participaci\u00f3n en la Feria de la Trufa Trufax 2020\" width=\"1200\" height=\"1600\" srcset=\"https:\/\/www.trufgourmet.com\/wp-content\/uploads\/2020\/08\/Trufax-Feria-trufa-Soria.jpg 1200w, https:\/\/www.trufgourmet.com\/wp-content\/uploads\/2020\/08\/Trufax-Feria-trufa-Soria-600x800.jpg 600w, https:\/\/www.trufgourmet.com\/wp-content\/uploads\/2020\/08\/Trufax-Feria-trufa-Soria-225x300.jpg 225w, https:\/\/www.trufgourmet.com\/wp-content\/uploads\/2020\/08\/Trufax-Feria-trufa-Soria-768x1024.jpg 768w, https:\/\/www.trufgourmet.com\/wp-content\/uploads\/2020\/08\/Trufax-Feria-trufa-Soria-1152x1536.jpg 1152w\" sizes=\"(max-width: 1200px) 100vw, 1200px\" \/><figcaption>Trufgourmet durante su participaci\u00f3n en la Feria de la Trufa Trufax 2020<\/figcaption><\/figure>\n<p>M\u00e1s informaci\u00f3n: <a href=\"https:\/\/cutt.ly\/ydS67eU\" target=\"_blank\" rel=\"noreferrer noopener\">Leer noticia en la C\u00e1mara de Comercio de Soria<\/a><\/p>\n","protected":false},"excerpt":{"rendered":"<p>La Uni\u00f3n Europea ha reconocido a la empresa soriana Trufgourmet por su idea innovadora &#8220;que aporta gran valor econ\u00f3mico en una zona rural&#8221;. Con esta menci\u00f3n se pone en valor las buenas pr\u00e1cticas de empresas lideradas por mujeres que aportan su trabajo y experiencia incidiendo positivamente en su entorno. Este reconocimiento se lleva a cabo [&hellip;]<\/p>\n","protected":false},"author":4,"featured_media":978,"comment_status":"open","ping_status":"open","sticky":false,"template":"","format":"standard","meta":{"_et_pb_use_builder":"","_et_pb_old_content":"","_et_gb_content_width":"","inline_featured_image":false,"_monsterinsights_skip_tracking":false,"_monsterinsights_sitenote_active":false,"_monsterinsights_sitenote_note":"","_monsterinsights_sitenote_category":0,"footnotes":""},"categories":[382],"tags":[178,410,408,409,411,109],"class_list":["post-2279","post","type-post","status-publish","format-standard","has-post-thumbnail","hentry","category-noticias","tag-black-truffle-en","tag-chamber-of-commerce","tag-european-union-en","tag-paem-en","tag-rural-area","tag-trufgourmet-en"],"yoast_head":"<!-- This site is optimized with the Yoast SEO plugin v25.5 - https:\/\/yoast.com\/wordpress\/plugins\/seo\/ -->\n<title>Trufgourmet has received a recognition by the European Union for its economic value in a rural area. - TrufGourmet<\/title>\n<meta name=\"description\" content=\"Trufgourmet has been working since 2015 in the production of black truffles and the truffle farming knowledge inside and outside of Spain.\" \/>\n<meta name=\"robots\" content=\"index, follow, max-snippet:-1, max-image-preview:large, max-video-preview:-1\" \/>\n<link rel=\"canonical\" href=\"https:\/\/www.trufgourmet.com\/en\/trufgourmet-has-received-a-recognition-by-the-european-union-for-its-economic-value-in-a-rural-area\/\" \/>\n<meta property=\"og:locale\" content=\"en_US\" \/>\n<meta property=\"og:type\" content=\"article\" \/>\n<meta property=\"og:title\" content=\"Trufgourmet has received a recognition by the European Union for its economic value in a rural area. - TrufGourmet\" \/>\n<meta property=\"og:description\" content=\"Trufgourmet has been working since 2015 in the production of black truffles and the truffle farming knowledge inside and outside of Spain.\" \/>\n<meta property=\"og:url\" content=\"https:\/\/www.trufgourmet.com\/en\/trufgourmet-has-received-a-recognition-by-the-european-union-for-its-economic-value-in-a-rural-area\/\" \/>\n<meta property=\"og:site_name\" content=\"TrufGourmet\" \/>\n<meta property=\"article:publisher\" content=\"https:\/\/www.facebook.com\/TrufGourmet\" \/>\n<meta property=\"article:published_time\" content=\"2023-11-24T11:51:47+00:00\" \/>\n<meta property=\"article:modified_time\" content=\"2023-11-24T11:51:48+00:00\" \/>\n<meta property=\"og:image\" content=\"https:\/\/www.trufgourmet.com\/wp-content\/uploads\/2020\/08\/Trufax-Feria-trufa-Soria.jpg\" \/>\n\t<meta property=\"og:image:width\" content=\"1200\" \/>\n\t<meta property=\"og:image:height\" content=\"1600\" \/>\n\t<meta property=\"og:image:type\" content=\"image\/jpeg\" \/>\n<meta name=\"author\" content=\"TrufGourmet\" \/>\n<meta name=\"twitter:card\" content=\"summary_large_image\" \/>\n<meta name=\"twitter:creator\" content=\"@TrufGourmet\" \/>\n<meta name=\"twitter:site\" content=\"@TrufGourmet\" \/>\n<meta name=\"twitter:label1\" content=\"Written by\" \/>\n\t<meta name=\"twitter:data1\" content=\"TrufGourmet\" \/>\n\t<meta name=\"twitter:label2\" content=\"Est. reading time\" \/>\n\t<meta name=\"twitter:data2\" content=\"1 minute\" \/>\n<script type=\"application\/ld+json\" class=\"yoast-schema-graph\">{\"@context\":\"https:\/\/schema.org\",\"@graph\":[{\"@type\":\"WebPage\",\"@id\":\"https:\/\/www.trufgourmet.com\/en\/trufgourmet-has-received-a-recognition-by-the-european-union-for-its-economic-value-in-a-rural-area\/\",\"url\":\"https:\/\/www.trufgourmet.com\/en\/trufgourmet-has-received-a-recognition-by-the-european-union-for-its-economic-value-in-a-rural-area\/\",\"name\":\"Trufgourmet has received a recognition by the European Union for its economic value in a rural area. - TrufGourmet\",\"isPartOf\":{\"@id\":\"https:\/\/www.trufgourmet.com\/en\/#website\"},\"primaryImageOfPage\":{\"@id\":\"https:\/\/www.trufgourmet.com\/en\/trufgourmet-has-received-a-recognition-by-the-european-union-for-its-economic-value-in-a-rural-area\/#primaryimage\"},\"image\":{\"@id\":\"https:\/\/www.trufgourmet.com\/en\/trufgourmet-has-received-a-recognition-by-the-european-union-for-its-economic-value-in-a-rural-area\/#primaryimage\"},\"thumbnailUrl\":\"https:\/\/www.trufgourmet.com\/wp-content\/uploads\/2020\/08\/Trufax-Feria-trufa-Soria.jpg\",\"datePublished\":\"2023-11-24T11:51:47+00:00\",\"dateModified\":\"2023-11-24T11:51:48+00:00\",\"author\":{\"@id\":\"https:\/\/www.trufgourmet.com\/en\/#\/schema\/person\/5003b87423019cb5851231d5254dc9e4\"},\"description\":\"Trufgourmet has been working since 2015 in the production of black truffles and the truffle farming knowledge inside and outside of Spain.\",\"breadcrumb\":{\"@id\":\"https:\/\/www.trufgourmet.com\/en\/trufgourmet-has-received-a-recognition-by-the-european-union-for-its-economic-value-in-a-rural-area\/#breadcrumb\"},\"inLanguage\":\"en-US\",\"potentialAction\":[{\"@type\":\"ReadAction\",\"target\":[\"https:\/\/www.trufgourmet.com\/en\/trufgourmet-has-received-a-recognition-by-the-european-union-for-its-economic-value-in-a-rural-area\/\"]}]},{\"@type\":\"ImageObject\",\"inLanguage\":\"en-US\",\"@id\":\"https:\/\/www.trufgourmet.com\/en\/trufgourmet-has-received-a-recognition-by-the-european-union-for-its-economic-value-in-a-rural-area\/#primaryimage\",\"url\":\"https:\/\/www.trufgourmet.com\/wp-content\/uploads\/2020\/08\/Trufax-Feria-trufa-Soria.jpg\",\"contentUrl\":\"https:\/\/www.trufgourmet.com\/wp-content\/uploads\/2020\/08\/Trufax-Feria-trufa-Soria.jpg\",\"width\":1200,\"height\":1600,\"caption\":\"Trufgourmet en la Feria de la Trufa Trufax 2020\"},{\"@type\":\"BreadcrumbList\",\"@id\":\"https:\/\/www.trufgourmet.com\/en\/trufgourmet-has-received-a-recognition-by-the-european-union-for-its-economic-value-in-a-rural-area\/#breadcrumb\",\"itemListElement\":[{\"@type\":\"ListItem\",\"position\":1,\"name\":\"Portada\",\"item\":\"https:\/\/www.trufgourmet.com\/en\/\"},{\"@type\":\"ListItem\",\"position\":2,\"name\":\"Trufgourmet has received a recognition by the European Union for its economic value in a rural area.\"}]},{\"@type\":\"WebSite\",\"@id\":\"https:\/\/www.trufgourmet.com\/en\/#website\",\"url\":\"https:\/\/www.trufgourmet.com\/en\/\",\"name\":\"TrufGourmet\",\"description\":\"El aut\u00e9ntico sabor inigualable de la trufa negra\",\"potentialAction\":[{\"@type\":\"SearchAction\",\"target\":{\"@type\":\"EntryPoint\",\"urlTemplate\":\"https:\/\/www.trufgourmet.com\/en\/?s={search_term_string}\"},\"query-input\":{\"@type\":\"PropertyValueSpecification\",\"valueRequired\":true,\"valueName\":\"search_term_string\"}}],\"inLanguage\":\"en-US\"},{\"@type\":\"Person\",\"@id\":\"https:\/\/www.trufgourmet.com\/en\/#\/schema\/person\/5003b87423019cb5851231d5254dc9e4\",\"name\":\"TrufGourmet\",\"image\":{\"@type\":\"ImageObject\",\"inLanguage\":\"en-US\",\"@id\":\"https:\/\/www.trufgourmet.com\/en\/#\/schema\/person\/image\/\",\"url\":\"https:\/\/secure.gravatar.com\/avatar\/819ec46d7a232e2b7730c53254030914790cb9d6e2f8f277e5624586814dde6d?s=96&d=mm&r=g\",\"contentUrl\":\"https:\/\/secure.gravatar.com\/avatar\/819ec46d7a232e2b7730c53254030914790cb9d6e2f8f277e5624586814dde6d?s=96&d=mm&r=g\",\"caption\":\"TrufGourmet\"},\"url\":\"https:\/\/www.trufgourmet.com\/en\/author\/raquelviton\/\"}]}<\/script>\n<!-- \/ Yoast SEO plugin. -->","yoast_head_json":{"title":"Trufgourmet has received a recognition by the European Union for its economic value in a rural area. - TrufGourmet","description":"Trufgourmet has been working since 2015 in the production of black truffles and the truffle farming knowledge inside and outside of Spain.","robots":{"index":"index","follow":"follow","max-snippet":"max-snippet:-1","max-image-preview":"max-image-preview:large","max-video-preview":"max-video-preview:-1"},"canonical":"https:\/\/www.trufgourmet.com\/en\/trufgourmet-has-received-a-recognition-by-the-european-union-for-its-economic-value-in-a-rural-area\/","og_locale":"en_US","og_type":"article","og_title":"Trufgourmet has received a recognition by the European Union for its economic value in a rural area. - TrufGourmet","og_description":"Trufgourmet has been working since 2015 in the production of black truffles and the truffle farming knowledge inside and outside of Spain.","og_url":"https:\/\/www.trufgourmet.com\/en\/trufgourmet-has-received-a-recognition-by-the-european-union-for-its-economic-value-in-a-rural-area\/","og_site_name":"TrufGourmet","article_publisher":"https:\/\/www.facebook.com\/TrufGourmet","article_published_time":"2023-11-24T11:51:47+00:00","article_modified_time":"2023-11-24T11:51:48+00:00","og_image":[{"width":1200,"height":1600,"url":"https:\/\/www.trufgourmet.com\/wp-content\/uploads\/2020\/08\/Trufax-Feria-trufa-Soria.jpg","type":"image\/jpeg"}],"author":"TrufGourmet","twitter_card":"summary_large_image","twitter_creator":"@TrufGourmet","twitter_site":"@TrufGourmet","twitter_misc":{"Written by":"TrufGourmet","Est. reading time":"1 minute"},"schema":{"@context":"https:\/\/schema.org","@graph":[{"@type":"WebPage","@id":"https:\/\/www.trufgourmet.com\/en\/trufgourmet-has-received-a-recognition-by-the-european-union-for-its-economic-value-in-a-rural-area\/","url":"https:\/\/www.trufgourmet.com\/en\/trufgourmet-has-received-a-recognition-by-the-european-union-for-its-economic-value-in-a-rural-area\/","name":"Trufgourmet has received a recognition by the European Union for its economic value in a rural area. - TrufGourmet","isPartOf":{"@id":"https:\/\/www.trufgourmet.com\/en\/#website"},"primaryImageOfPage":{"@id":"https:\/\/www.trufgourmet.com\/en\/trufgourmet-has-received-a-recognition-by-the-european-union-for-its-economic-value-in-a-rural-area\/#primaryimage"},"image":{"@id":"https:\/\/www.trufgourmet.com\/en\/trufgourmet-has-received-a-recognition-by-the-european-union-for-its-economic-value-in-a-rural-area\/#primaryimage"},"thumbnailUrl":"https:\/\/www.trufgourmet.com\/wp-content\/uploads\/2020\/08\/Trufax-Feria-trufa-Soria.jpg","datePublished":"2023-11-24T11:51:47+00:00","dateModified":"2023-11-24T11:51:48+00:00","author":{"@id":"https:\/\/www.trufgourmet.com\/en\/#\/schema\/person\/5003b87423019cb5851231d5254dc9e4"},"description":"Trufgourmet has been working since 2015 in the production of black truffles and the truffle farming knowledge inside and outside of Spain.","breadcrumb":{"@id":"https:\/\/www.trufgourmet.com\/en\/trufgourmet-has-received-a-recognition-by-the-european-union-for-its-economic-value-in-a-rural-area\/#breadcrumb"},"inLanguage":"en-US","potentialAction":[{"@type":"ReadAction","target":["https:\/\/www.trufgourmet.com\/en\/trufgourmet-has-received-a-recognition-by-the-european-union-for-its-economic-value-in-a-rural-area\/"]}]},{"@type":"ImageObject","inLanguage":"en-US","@id":"https:\/\/www.trufgourmet.com\/en\/trufgourmet-has-received-a-recognition-by-the-european-union-for-its-economic-value-in-a-rural-area\/#primaryimage","url":"https:\/\/www.trufgourmet.com\/wp-content\/uploads\/2020\/08\/Trufax-Feria-trufa-Soria.jpg","contentUrl":"https:\/\/www.trufgourmet.com\/wp-content\/uploads\/2020\/08\/Trufax-Feria-trufa-Soria.jpg","width":1200,"height":1600,"caption":"Trufgourmet en la Feria de la Trufa Trufax 2020"},{"@type":"BreadcrumbList","@id":"https:\/\/www.trufgourmet.com\/en\/trufgourmet-has-received-a-recognition-by-the-european-union-for-its-economic-value-in-a-rural-area\/#breadcrumb","itemListElement":[{"@type":"ListItem","position":1,"name":"Portada","item":"https:\/\/www.trufgourmet.com\/en\/"},{"@type":"ListItem","position":2,"name":"Trufgourmet has received a recognition by the European Union for its economic value in a rural area."}]},{"@type":"WebSite","@id":"https:\/\/www.trufgourmet.com\/en\/#website","url":"https:\/\/www.trufgourmet.com\/en\/","name":"TrufGourmet","description":"El aut\u00e9ntico sabor inigualable de la trufa negra","potentialAction":[{"@type":"SearchAction","target":{"@type":"EntryPoint","urlTemplate":"https:\/\/www.trufgourmet.com\/en\/?s={search_term_string}"},"query-input":{"@type":"PropertyValueSpecification","valueRequired":true,"valueName":"search_term_string"}}],"inLanguage":"en-US"},{"@type":"Person","@id":"https:\/\/www.trufgourmet.com\/en\/#\/schema\/person\/5003b87423019cb5851231d5254dc9e4","name":"TrufGourmet","image":{"@type":"ImageObject","inLanguage":"en-US","@id":"https:\/\/www.trufgourmet.com\/en\/#\/schema\/person\/image\/","url":"https:\/\/secure.gravatar.com\/avatar\/819ec46d7a232e2b7730c53254030914790cb9d6e2f8f277e5624586814dde6d?s=96&d=mm&r=g","contentUrl":"https:\/\/secure.gravatar.com\/avatar\/819ec46d7a232e2b7730c53254030914790cb9d6e2f8f277e5624586814dde6d?s=96&d=mm&r=g","caption":"TrufGourmet"},"url":"https:\/\/www.trufgourmet.com\/en\/author\/raquelviton\/"}]}},"_links":{"self":[{"href":"https:\/\/www.trufgourmet.com\/en\/wp-json\/wp\/v2\/posts\/2279","targetHints":{"allow":["GET"]}}],"collection":[{"href":"https:\/\/www.trufgourmet.com\/en\/wp-json\/wp\/v2\/posts"}],"about":[{"href":"https:\/\/www.trufgourmet.com\/en\/wp-json\/wp\/v2\/types\/post"}],"author":[{"embeddable":true,"href":"https:\/\/www.trufgourmet.com\/en\/wp-json\/wp\/v2\/users\/4"}],"replies":[{"embeddable":true,"href":"https:\/\/www.trufgourmet.com\/en\/wp-json\/wp\/v2\/comments?post=2279"}],"version-history":[{"count":1,"href":"https:\/\/www.trufgourmet.com\/en\/wp-json\/wp\/v2\/posts\/2279\/revisions"}],"predecessor-version":[{"id":2280,"href":"https:\/\/www.trufgourmet.com\/en\/wp-json\/wp\/v2\/posts\/2279\/revisions\/2280"}],"wp:featuredmedia":[{"embeddable":true,"href":"https:\/\/www.trufgourmet.com\/en\/wp-json\/wp\/v2\/media\/978"}],"wp:attachment":[{"href":"https:\/\/www.trufgourmet.com\/en\/wp-json\/wp\/v2\/media?parent=2279"}],"wp:term":[{"taxonomy":"category","embeddable":true,"href":"https:\/\/www.trufgourmet.com\/en\/wp-json\/wp\/v2\/categories?post=2279"},{"taxonomy":"post_tag","embeddable":true,"href":"https:\/\/www.trufgourmet.com\/en\/wp-json\/wp\/v2\/tags?post=2279"}],"curies":[{"name":"wp","href":"https:\/\/api.w.org\/{rel}","templated":true}]}}