{"id":1261,"date":"2022-11-10T18:00:20","date_gmt":"2022-11-10T17:00:20","guid":{"rendered":"https:\/\/www.trufgourmet.com\/lentrepreneuriat-feminin-de-trufgourmet-dans-les-petits-dejeuners-de-cinco-dias\/"},"modified":"2023-11-24T12:53:36","modified_gmt":"2023-11-24T11:53:36","slug":"lentrepreneuriat-feminin-de-trufgourmet-dans-les-petits-dejeuners-de-cinco-dias","status":"publish","type":"post","link":"https:\/\/www.trufgourmet.com\/fr\/lentrepreneuriat-feminin-de-trufgourmet-dans-les-petits-dejeuners-de-cinco-dias\/","title":{"rendered":"L\u2019entrepreneuriat f\u00e9minin de Trufgourmet dans les petits-d\u00e9jeuners de Cinco D\u00edas"},"content":{"rendered":"<h3><strong>Raquel Sanz, PDG de Trufgourmet, participe \u00e0 la table ronde organis\u00e9e par Cinco D\u00edas \u00e0 propos de l\u2019entrepreneuriat f\u00e9minin.<\/strong><\/h3>\n<h3><span lang=\"FR\" style=\"font-size: 12.0pt;\">Cinq intervenants apportent leur point de vue \u00e0 propos de l\u2019entrepreneuriat f\u00e9minin en Espagne afin d\u2019analyser les d\u00e9fis et besoins \u00e0 venir des femmes.<\/span><\/h3>\n<p><span lang=\"FR\">Trufgourmet participe \u00e0 cet \u00e9v\u00e9nement informatif aux c\u00f4t\u00e9s d\u2019Inmaculada Riera, directrice g\u00e9n\u00e9rale de la Chambre de Commerce Espagnole, Francisco Polo, haut-commissaire de la strat\u00e9gie Espa\u00f1a Naci\u00f3n Emprendedora, Maria Benjumea, PDG de Spain Startup et Cristina Gonz\u00e1lez, directrice g\u00e9n\u00e9rale de MicroBank.<\/span><\/p>\n<div id=\"attachment_1194\" style=\"width: 1074px\" class=\"wp-caption aligncenter\"><a href=\"https:\/\/www.trufgourmet.com\/wp-content\/uploads\/2021\/12\/foto-peque-mesa-redonda.jpg\"><img loading=\"lazy\" decoding=\"async\" aria-describedby=\"caption-attachment-1194\" class=\"wp-image-1194 size-full\" src=\"https:\/\/beta.trufgourmet.com\/wp-content\/uploads\/2021\/12\/foto-peque-mesa-redonda.jpg\" alt=\"\" width=\"1064\" height=\"708\" srcset=\"https:\/\/www.trufgourmet.com\/wp-content\/uploads\/2021\/12\/foto-peque-mesa-redonda.jpg 1064w, https:\/\/www.trufgourmet.com\/wp-content\/uploads\/2021\/12\/foto-peque-mesa-redonda-300x200.jpg 300w, https:\/\/www.trufgourmet.com\/wp-content\/uploads\/2021\/12\/foto-peque-mesa-redonda-1024x681.jpg 1024w, https:\/\/www.trufgourmet.com\/wp-content\/uploads\/2021\/12\/foto-peque-mesa-redonda-768x511.jpg 768w, https:\/\/www.trufgourmet.com\/wp-content\/uploads\/2021\/12\/foto-peque-mesa-redonda-355x235.jpg 355w, https:\/\/www.trufgourmet.com\/wp-content\/uploads\/2021\/12\/foto-peque-mesa-redonda-600x399.jpg 600w\" sizes=\"(max-width: 1064px) 100vw, 1064px\" \/><\/a><p id=\"caption-attachment-1194\" class=\"wp-caption-text\">Intervenants \u00e0 la table ronde organis\u00e9e par le journal Cinco D\u00edas Photo de Manuel Casamay\u00f3n<\/p><\/div>\n<p>La suppression des \u00e9carts de r\u00e9mun\u00e9rations et d\u2019autres obstacles, la cr\u00e9ation de programmes d\u2019accompagnement, l\u2019appui des acteurs financiers, la flexibilisation des r\u00e9glementations et la promotion de la visibilit\u00e9 des femmes entrepreneurs sont certaines des solutions mentionn\u00e9es. \u00a0<\/p>\n<div id=\"attachment_1202\" style=\"width: 1067px\" class=\"wp-caption aligncenter\"><a href=\"https:\/\/www.trufgourmet.com\/wp-content\/uploads\/2021\/12\/Mesa-redonda-5dias-2.jpg\"><img loading=\"lazy\" decoding=\"async\" aria-describedby=\"caption-attachment-1202\" class=\"wp-image-1202 size-full\" src=\"https:\/\/beta.trufgourmet.com\/wp-content\/uploads\/2021\/12\/Mesa-redonda-5dias-2.jpg\" alt=\"\" width=\"1057\" height=\"597\" srcset=\"https:\/\/www.trufgourmet.com\/wp-content\/uploads\/2021\/12\/Mesa-redonda-5dias-2.jpg 1057w, https:\/\/www.trufgourmet.com\/wp-content\/uploads\/2021\/12\/Mesa-redonda-5dias-2-300x169.jpg 300w, https:\/\/www.trufgourmet.com\/wp-content\/uploads\/2021\/12\/Mesa-redonda-5dias-2-1024x578.jpg 1024w, https:\/\/www.trufgourmet.com\/wp-content\/uploads\/2021\/12\/Mesa-redonda-5dias-2-768x434.jpg 768w, https:\/\/www.trufgourmet.com\/wp-content\/uploads\/2021\/12\/Mesa-redonda-5dias-2-600x339.jpg 600w\" sizes=\"(max-width: 1057px) 100vw, 1057px\" \/><\/a><p id=\"caption-attachment-1202\" class=\"wp-caption-text\">Juan Jos\u00e9 Morodo, directeur adjoint de Cinco D\u00edas mod\u00e8re la table ronde. Photo de Manuel Casamay\u00f3n<\/p><\/div>\n<p>Nous vous recommandons de lire le reportage dans son int\u00e9gralit\u00e9 et nous esp\u00e9rons que vous le trouverez instructif. Lire le reportage complet\u00a0: <a href=\"https:\/\/www.trufgourmet.com\/wp-content\/uploads\/2021\/12\/Reportaje-Cinco-Dias-Emprendimiento-Femenino.pdf\" target=\"_blank\" rel=\"noopener\">Reportage du journal Cinco D\u00edas \u00e0 propos de l\u2019entrepreneuriat f\u00e9minin<\/a><\/p>\n<div id=\"attachment_1207\" style=\"width: 834px\" class=\"wp-caption aligncenter\"><a href=\"https:\/\/www.trufgourmet.com\/wp-content\/uploads\/2021\/12\/Foto-para-web.jpg\"><img loading=\"lazy\" decoding=\"async\" aria-describedby=\"caption-attachment-1207\" class=\"wp-image-1207 size-full\" src=\"https:\/\/beta.trufgourmet.com\/wp-content\/uploads\/2021\/12\/Foto-para-web.jpg\" alt=\"\" width=\"824\" height=\"651\" srcset=\"https:\/\/www.trufgourmet.com\/wp-content\/uploads\/2021\/12\/Foto-para-web.jpg 824w, https:\/\/www.trufgourmet.com\/wp-content\/uploads\/2021\/12\/Foto-para-web-300x237.jpg 300w, https:\/\/www.trufgourmet.com\/wp-content\/uploads\/2021\/12\/Foto-para-web-768x607.jpg 768w, https:\/\/www.trufgourmet.com\/wp-content\/uploads\/2021\/12\/Foto-para-web-600x474.jpg 600w\" sizes=\"(max-width: 824px) 100vw, 824px\" \/><\/a><p id=\"caption-attachment-1207\" class=\"wp-caption-text\">Reportage dans le journal Cinco D\u00edas<\/p><\/div>\n","protected":false},"excerpt":{"rendered":"<p>Raquel Sanz, PDG de Trufgourmet, participe \u00e0 la table ronde organis\u00e9e par Cinco D\u00edas \u00e0 propos de l\u2019entrepreneuriat f\u00e9minin. Cinq intervenants apportent leur point de vue \u00e0 propos de l\u2019entrepreneuriat f\u00e9minin en Espagne afin d\u2019analyser les d\u00e9fis et besoins \u00e0 venir des femmes. Trufgourmet participe \u00e0 cet \u00e9v\u00e9nement informatif aux c\u00f4t\u00e9s d\u2019Inmaculada Riera, directrice g\u00e9n\u00e9rale [&hellip;]<\/p>\n","protected":false},"author":4,"featured_media":1209,"comment_status":"open","ping_status":"open","sticky":false,"template":"","format":"standard","meta":{"_et_pb_use_builder":"","_et_pb_old_content":"","_et_gb_content_width":"","inline_featured_image":false,"_monsterinsights_skip_tracking":false,"_monsterinsights_sitenote_active":false,"_monsterinsights_sitenote_note":"","_monsterinsights_sitenote_category":0,"footnotes":""},"categories":[328],"tags":[300,304,301,298,299,302,303,98,100],"class_list":["post-1261","post","type-post","status-publish","format-standard","has-post-thumbnail","hentry","category-nouvelles-fr","tag-cinco-dias-fr","tag-cristina-gonzalez-fr","tag-el-pais-fr","tag-entrepreneuriat","tag-entrepreneuriat-feminin","tag-inmaculada-riera-francisco-polo-fr","tag-maria-benjumea-fr","tag-truffe","tag-trufgourmet-fr"],"yoast_head":"<!-- This site is optimized with the Yoast SEO plugin v25.5 - https:\/\/yoast.com\/wordpress\/plugins\/seo\/ -->\n<title>L\u2019entrepreneuriat f\u00e9minin de Trufgourmet dans les petits-d\u00e9jeuners de Cinco D\u00edas - TrufGourmet<\/title>\n<meta name=\"description\" content=\"Raquel Sanz, PDG de Trufgourmet, participe \u00e0 la table ronde organis\u00e9e par Cinco D\u00edas \u00e0 propos de l\u2019entrepreneuriat f\u00e9minin.\" \/>\n<meta name=\"robots\" content=\"index, follow, max-snippet:-1, max-image-preview:large, max-video-preview:-1\" \/>\n<link rel=\"canonical\" href=\"https:\/\/www.trufgourmet.com\/fr\/lentrepreneuriat-feminin-de-trufgourmet-dans-les-petits-dejeuners-de-cinco-dias\/\" \/>\n<meta property=\"og:locale\" content=\"fr_FR\" \/>\n<meta property=\"og:type\" content=\"article\" \/>\n<meta property=\"og:title\" content=\"L\u2019entrepreneuriat f\u00e9minin de Trufgourmet dans les petits-d\u00e9jeuners de Cinco D\u00edas - TrufGourmet\" \/>\n<meta property=\"og:description\" content=\"Raquel Sanz, PDG de Trufgourmet, participe \u00e0 la table ronde organis\u00e9e par Cinco D\u00edas \u00e0 propos de l\u2019entrepreneuriat f\u00e9minin.\" \/>\n<meta property=\"og:url\" content=\"https:\/\/www.trufgourmet.com\/fr\/lentrepreneuriat-feminin-de-trufgourmet-dans-les-petits-dejeuners-de-cinco-dias\/\" \/>\n<meta property=\"og:site_name\" content=\"TrufGourmet\" \/>\n<meta property=\"article:publisher\" content=\"https:\/\/www.facebook.com\/TrufGourmet\" \/>\n<meta property=\"article:published_time\" content=\"2022-11-10T17:00:20+00:00\" \/>\n<meta property=\"article:modified_time\" content=\"2023-11-24T11:53:36+00:00\" \/>\n<meta property=\"og:image\" content=\"https:\/\/www.trufgourmet.com\/wp-content\/uploads\/2021\/12\/Foto-para-web.jpg\" \/>\n\t<meta property=\"og:image:width\" content=\"824\" \/>\n\t<meta property=\"og:image:height\" content=\"651\" \/>\n\t<meta property=\"og:image:type\" content=\"image\/jpeg\" \/>\n<meta name=\"author\" content=\"TrufGourmet\" \/>\n<meta name=\"twitter:card\" content=\"summary_large_image\" \/>\n<meta name=\"twitter:creator\" content=\"@TrufGourmet\" \/>\n<meta name=\"twitter:site\" content=\"@TrufGourmet\" \/>\n<meta name=\"twitter:label1\" content=\"\u00c9crit par\" \/>\n\t<meta name=\"twitter:data1\" content=\"TrufGourmet\" \/>\n\t<meta name=\"twitter:label2\" content=\"Dur\u00e9e de lecture estim\u00e9e\" \/>\n\t<meta name=\"twitter:data2\" content=\"1 minute\" \/>\n<script type=\"application\/ld+json\" class=\"yoast-schema-graph\">{\"@context\":\"https:\/\/schema.org\",\"@graph\":[{\"@type\":\"WebPage\",\"@id\":\"https:\/\/www.trufgourmet.com\/fr\/lentrepreneuriat-feminin-de-trufgourmet-dans-les-petits-dejeuners-de-cinco-dias\/\",\"url\":\"https:\/\/www.trufgourmet.com\/fr\/lentrepreneuriat-feminin-de-trufgourmet-dans-les-petits-dejeuners-de-cinco-dias\/\",\"name\":\"L\u2019entrepreneuriat f\u00e9minin de Trufgourmet dans les petits-d\u00e9jeuners de Cinco D\u00edas - TrufGourmet\",\"isPartOf\":{\"@id\":\"https:\/\/www.trufgourmet.com\/fr\/#website\"},\"primaryImageOfPage\":{\"@id\":\"https:\/\/www.trufgourmet.com\/fr\/lentrepreneuriat-feminin-de-trufgourmet-dans-les-petits-dejeuners-de-cinco-dias\/#primaryimage\"},\"image\":{\"@id\":\"https:\/\/www.trufgourmet.com\/fr\/lentrepreneuriat-feminin-de-trufgourmet-dans-les-petits-dejeuners-de-cinco-dias\/#primaryimage\"},\"thumbnailUrl\":\"https:\/\/www.trufgourmet.com\/wp-content\/uploads\/2021\/12\/Foto-para-web.jpg\",\"datePublished\":\"2022-11-10T17:00:20+00:00\",\"dateModified\":\"2023-11-24T11:53:36+00:00\",\"author\":{\"@id\":\"https:\/\/www.trufgourmet.com\/fr\/#\/schema\/person\/5003b87423019cb5851231d5254dc9e4\"},\"description\":\"Raquel Sanz, PDG de Trufgourmet, participe \u00e0 la table ronde organis\u00e9e par Cinco D\u00edas \u00e0 propos de l\u2019entrepreneuriat f\u00e9minin.\",\"breadcrumb\":{\"@id\":\"https:\/\/www.trufgourmet.com\/fr\/lentrepreneuriat-feminin-de-trufgourmet-dans-les-petits-dejeuners-de-cinco-dias\/#breadcrumb\"},\"inLanguage\":\"fr-FR\",\"potentialAction\":[{\"@type\":\"ReadAction\",\"target\":[\"https:\/\/www.trufgourmet.com\/fr\/lentrepreneuriat-feminin-de-trufgourmet-dans-les-petits-dejeuners-de-cinco-dias\/\"]}]},{\"@type\":\"ImageObject\",\"inLanguage\":\"fr-FR\",\"@id\":\"https:\/\/www.trufgourmet.com\/fr\/lentrepreneuriat-feminin-de-trufgourmet-dans-les-petits-dejeuners-de-cinco-dias\/#primaryimage\",\"url\":\"https:\/\/www.trufgourmet.com\/wp-content\/uploads\/2021\/12\/Foto-para-web.jpg\",\"contentUrl\":\"https:\/\/www.trufgourmet.com\/wp-content\/uploads\/2021\/12\/Foto-para-web.jpg\",\"width\":824,\"height\":651,\"caption\":\"Reportaje en el peri\u00f3dico Cinco D\u00edas\"},{\"@type\":\"BreadcrumbList\",\"@id\":\"https:\/\/www.trufgourmet.com\/fr\/lentrepreneuriat-feminin-de-trufgourmet-dans-les-petits-dejeuners-de-cinco-dias\/#breadcrumb\",\"itemListElement\":[{\"@type\":\"ListItem\",\"position\":1,\"name\":\"Portada\",\"item\":\"https:\/\/www.trufgourmet.com\/fr\/\"},{\"@type\":\"ListItem\",\"position\":2,\"name\":\"L\u2019entrepreneuriat f\u00e9minin de Trufgourmet dans les petits-d\u00e9jeuners de Cinco D\u00edas\"}]},{\"@type\":\"WebSite\",\"@id\":\"https:\/\/www.trufgourmet.com\/fr\/#website\",\"url\":\"https:\/\/www.trufgourmet.com\/fr\/\",\"name\":\"TrufGourmet\",\"description\":\"El aut\u00e9ntico sabor inigualable de la trufa negra\",\"potentialAction\":[{\"@type\":\"SearchAction\",\"target\":{\"@type\":\"EntryPoint\",\"urlTemplate\":\"https:\/\/www.trufgourmet.com\/fr\/?s={search_term_string}\"},\"query-input\":{\"@type\":\"PropertyValueSpecification\",\"valueRequired\":true,\"valueName\":\"search_term_string\"}}],\"inLanguage\":\"fr-FR\"},{\"@type\":\"Person\",\"@id\":\"https:\/\/www.trufgourmet.com\/fr\/#\/schema\/person\/5003b87423019cb5851231d5254dc9e4\",\"name\":\"TrufGourmet\",\"image\":{\"@type\":\"ImageObject\",\"inLanguage\":\"fr-FR\",\"@id\":\"https:\/\/www.trufgourmet.com\/fr\/#\/schema\/person\/image\/\",\"url\":\"https:\/\/secure.gravatar.com\/avatar\/819ec46d7a232e2b7730c53254030914790cb9d6e2f8f277e5624586814dde6d?s=96&d=mm&r=g\",\"contentUrl\":\"https:\/\/secure.gravatar.com\/avatar\/819ec46d7a232e2b7730c53254030914790cb9d6e2f8f277e5624586814dde6d?s=96&d=mm&r=g\",\"caption\":\"TrufGourmet\"},\"url\":\"https:\/\/www.trufgourmet.com\/fr\/author\/raquelviton\/\"}]}<\/script>\n<!-- \/ Yoast SEO plugin. -->","yoast_head_json":{"title":"L\u2019entrepreneuriat f\u00e9minin de Trufgourmet dans les petits-d\u00e9jeuners de Cinco D\u00edas - TrufGourmet","description":"Raquel Sanz, PDG de Trufgourmet, participe \u00e0 la table ronde organis\u00e9e par Cinco D\u00edas \u00e0 propos de l\u2019entrepreneuriat f\u00e9minin.","robots":{"index":"index","follow":"follow","max-snippet":"max-snippet:-1","max-image-preview":"max-image-preview:large","max-video-preview":"max-video-preview:-1"},"canonical":"https:\/\/www.trufgourmet.com\/fr\/lentrepreneuriat-feminin-de-trufgourmet-dans-les-petits-dejeuners-de-cinco-dias\/","og_locale":"fr_FR","og_type":"article","og_title":"L\u2019entrepreneuriat f\u00e9minin de Trufgourmet dans les petits-d\u00e9jeuners de Cinco D\u00edas - TrufGourmet","og_description":"Raquel Sanz, PDG de Trufgourmet, participe \u00e0 la table ronde organis\u00e9e par Cinco D\u00edas \u00e0 propos de l\u2019entrepreneuriat f\u00e9minin.","og_url":"https:\/\/www.trufgourmet.com\/fr\/lentrepreneuriat-feminin-de-trufgourmet-dans-les-petits-dejeuners-de-cinco-dias\/","og_site_name":"TrufGourmet","article_publisher":"https:\/\/www.facebook.com\/TrufGourmet","article_published_time":"2022-11-10T17:00:20+00:00","article_modified_time":"2023-11-24T11:53:36+00:00","og_image":[{"width":824,"height":651,"url":"https:\/\/www.trufgourmet.com\/wp-content\/uploads\/2021\/12\/Foto-para-web.jpg","type":"image\/jpeg"}],"author":"TrufGourmet","twitter_card":"summary_large_image","twitter_creator":"@TrufGourmet","twitter_site":"@TrufGourmet","twitter_misc":{"\u00c9crit par":"TrufGourmet","Dur\u00e9e de lecture estim\u00e9e":"1 minute"},"schema":{"@context":"https:\/\/schema.org","@graph":[{"@type":"WebPage","@id":"https:\/\/www.trufgourmet.com\/fr\/lentrepreneuriat-feminin-de-trufgourmet-dans-les-petits-dejeuners-de-cinco-dias\/","url":"https:\/\/www.trufgourmet.com\/fr\/lentrepreneuriat-feminin-de-trufgourmet-dans-les-petits-dejeuners-de-cinco-dias\/","name":"L\u2019entrepreneuriat f\u00e9minin de Trufgourmet dans les petits-d\u00e9jeuners de Cinco D\u00edas - TrufGourmet","isPartOf":{"@id":"https:\/\/www.trufgourmet.com\/fr\/#website"},"primaryImageOfPage":{"@id":"https:\/\/www.trufgourmet.com\/fr\/lentrepreneuriat-feminin-de-trufgourmet-dans-les-petits-dejeuners-de-cinco-dias\/#primaryimage"},"image":{"@id":"https:\/\/www.trufgourmet.com\/fr\/lentrepreneuriat-feminin-de-trufgourmet-dans-les-petits-dejeuners-de-cinco-dias\/#primaryimage"},"thumbnailUrl":"https:\/\/www.trufgourmet.com\/wp-content\/uploads\/2021\/12\/Foto-para-web.jpg","datePublished":"2022-11-10T17:00:20+00:00","dateModified":"2023-11-24T11:53:36+00:00","author":{"@id":"https:\/\/www.trufgourmet.com\/fr\/#\/schema\/person\/5003b87423019cb5851231d5254dc9e4"},"description":"Raquel Sanz, PDG de Trufgourmet, participe \u00e0 la table ronde organis\u00e9e par Cinco D\u00edas \u00e0 propos de l\u2019entrepreneuriat f\u00e9minin.","breadcrumb":{"@id":"https:\/\/www.trufgourmet.com\/fr\/lentrepreneuriat-feminin-de-trufgourmet-dans-les-petits-dejeuners-de-cinco-dias\/#breadcrumb"},"inLanguage":"fr-FR","potentialAction":[{"@type":"ReadAction","target":["https:\/\/www.trufgourmet.com\/fr\/lentrepreneuriat-feminin-de-trufgourmet-dans-les-petits-dejeuners-de-cinco-dias\/"]}]},{"@type":"ImageObject","inLanguage":"fr-FR","@id":"https:\/\/www.trufgourmet.com\/fr\/lentrepreneuriat-feminin-de-trufgourmet-dans-les-petits-dejeuners-de-cinco-dias\/#primaryimage","url":"https:\/\/www.trufgourmet.com\/wp-content\/uploads\/2021\/12\/Foto-para-web.jpg","contentUrl":"https:\/\/www.trufgourmet.com\/wp-content\/uploads\/2021\/12\/Foto-para-web.jpg","width":824,"height":651,"caption":"Reportaje en el peri\u00f3dico Cinco D\u00edas"},{"@type":"BreadcrumbList","@id":"https:\/\/www.trufgourmet.com\/fr\/lentrepreneuriat-feminin-de-trufgourmet-dans-les-petits-dejeuners-de-cinco-dias\/#breadcrumb","itemListElement":[{"@type":"ListItem","position":1,"name":"Portada","item":"https:\/\/www.trufgourmet.com\/fr\/"},{"@type":"ListItem","position":2,"name":"L\u2019entrepreneuriat f\u00e9minin de Trufgourmet dans les petits-d\u00e9jeuners de Cinco D\u00edas"}]},{"@type":"WebSite","@id":"https:\/\/www.trufgourmet.com\/fr\/#website","url":"https:\/\/www.trufgourmet.com\/fr\/","name":"TrufGourmet","description":"El aut\u00e9ntico sabor inigualable de la trufa negra","potentialAction":[{"@type":"SearchAction","target":{"@type":"EntryPoint","urlTemplate":"https:\/\/www.trufgourmet.com\/fr\/?s={search_term_string}"},"query-input":{"@type":"PropertyValueSpecification","valueRequired":true,"valueName":"search_term_string"}}],"inLanguage":"fr-FR"},{"@type":"Person","@id":"https:\/\/www.trufgourmet.com\/fr\/#\/schema\/person\/5003b87423019cb5851231d5254dc9e4","name":"TrufGourmet","image":{"@type":"ImageObject","inLanguage":"fr-FR","@id":"https:\/\/www.trufgourmet.com\/fr\/#\/schema\/person\/image\/","url":"https:\/\/secure.gravatar.com\/avatar\/819ec46d7a232e2b7730c53254030914790cb9d6e2f8f277e5624586814dde6d?s=96&d=mm&r=g","contentUrl":"https:\/\/secure.gravatar.com\/avatar\/819ec46d7a232e2b7730c53254030914790cb9d6e2f8f277e5624586814dde6d?s=96&d=mm&r=g","caption":"TrufGourmet"},"url":"https:\/\/www.trufgourmet.com\/fr\/author\/raquelviton\/"}]}},"_links":{"self":[{"href":"https:\/\/www.trufgourmet.com\/fr\/wp-json\/wp\/v2\/posts\/1261","targetHints":{"allow":["GET"]}}],"collection":[{"href":"https:\/\/www.trufgourmet.com\/fr\/wp-json\/wp\/v2\/posts"}],"about":[{"href":"https:\/\/www.trufgourmet.com\/fr\/wp-json\/wp\/v2\/types\/post"}],"author":[{"embeddable":true,"href":"https:\/\/www.trufgourmet.com\/fr\/wp-json\/wp\/v2\/users\/4"}],"replies":[{"embeddable":true,"href":"https:\/\/www.trufgourmet.com\/fr\/wp-json\/wp\/v2\/comments?post=1261"}],"version-history":[{"count":1,"href":"https:\/\/www.trufgourmet.com\/fr\/wp-json\/wp\/v2\/posts\/1261\/revisions"}],"predecessor-version":[{"id":2282,"href":"https:\/\/www.trufgourmet.com\/fr\/wp-json\/wp\/v2\/posts\/1261\/revisions\/2282"}],"wp:featuredmedia":[{"embeddable":true,"href":"https:\/\/www.trufgourmet.com\/fr\/wp-json\/wp\/v2\/media\/1209"}],"wp:attachment":[{"href":"https:\/\/www.trufgourmet.com\/fr\/wp-json\/wp\/v2\/media?parent=1261"}],"wp:term":[{"taxonomy":"category","embeddable":true,"href":"https:\/\/www.trufgourmet.com\/fr\/wp-json\/wp\/v2\/categories?post=1261"},{"taxonomy":"post_tag","embeddable":true,"href":"https:\/\/www.trufgourmet.com\/fr\/wp-json\/wp\/v2\/tags?post=1261"}],"curies":[{"name":"wp","href":"https:\/\/api.w.org\/{rel}","templated":true}]}}