{"id":300,"date":"2015-11-25T18:38:17","date_gmt":"2015-11-25T17:38:17","guid":{"rendered":"http:\/\/trufgourmet.com\/fr\/?p=300"},"modified":"2023-11-10T13:20:56","modified_gmt":"2023-11-10T12:20:56","slug":"pieds-de-porcs-farcis-a-la-sauce-de-truffes-noires","status":"publish","type":"post","link":"https:\/\/www.trufgourmet.com\/fr\/pieds-de-porcs-farcis-a-la-sauce-de-truffes-noires\/","title":{"rendered":"Pieds de porcs farcis \u00e0 la sauce de truffes noires"},"content":{"rendered":"<h5><strong>Ingr\u00e9dients :<\/strong><\/h5>\n<ul>\n<li>4 pieds de porc<\/li>\n<li>Un demi-litre de bouillon de viande<\/li>\n<li>4 feuilles de brick<\/li>\n<li>2 oignons<\/li>\n<li>1 truffe noire fra\u00eeche<\/li>\n<li>1 poireau<\/li>\n<li>1 carotte<\/li>\n<\/ul>\n<p>&nbsp;<\/p>\n<h5><strong>Pr\u00e9paration :<\/strong><\/h5>\n<ol>\n<li>Cuire les pieds de porc avec le poireau, la carotte et 1 oignon et r\u00e9server.<\/li>\n<li>Lorsque les pieds sont cuits, les d\u00e9sosser et les mettre au four \u00e0 200 degr\u00e9s pendant 5 minutes.<\/li>\n<li>Pr\u00e9paration de la sauce : Faire chauffer l&rsquo;huile d&rsquo;olive et faire revenir l&rsquo;oignon, ajouter la truffe r\u00e2p\u00e9e ou finement hach\u00e9e et le bouillon de viande.<\/li>\n<li>Laisser cuire quelques minutes et \u00e9craser le tout.<\/li>\n<li>Servir les pieds de porc sur une assiette et saupoudrer de sel selon votre go\u00fbt.<\/li>\n<\/ol>\n","protected":false},"excerpt":{"rendered":"<p>Ingr\u00e9dients : 4 pieds de porc Un demi-litre de bouillon de viande 4 feuilles de brick 2 oignons 1 truffe noire fra\u00eeche 1 poireau 1 carotte &nbsp; Pr\u00e9paration : Cuire les pieds de porc avec le poireau, la carotte et 1 oignon et r\u00e9server. Lorsque les pieds sont cuits, les d\u00e9sosser et les mettre au [&hellip;]<\/p>\n","protected":false},"author":1,"featured_media":529,"comment_status":"open","ping_status":"open","sticky":false,"template":"","format":"standard","meta":{"_et_pb_use_builder":"","_et_pb_old_content":"","_et_gb_content_width":"","inline_featured_image":false,"_monsterinsights_skip_tracking":false,"_monsterinsights_sitenote_active":false,"_monsterinsights_sitenote_note":"","_monsterinsights_sitenote_category":0,"footnotes":""},"categories":[9],"tags":[376,374,324],"class_list":["post-300","post","type-post","status-publish","format-standard","has-post-thumbnail","hentry","category-recettes","tag-pieds-de-porc-farcis-aux-truffes","tag-receta-tuber-melanosporum-fr","tag-recette-a-la-truffe-noire"],"yoast_head":"<!-- This site is optimized with the Yoast SEO plugin v25.5 - https:\/\/yoast.com\/wordpress\/plugins\/seo\/ -->\n<title>Pieds de porcs farcis \u00e0 la sauce de truffes noires - TrufGourmet<\/title>\n<meta name=\"description\" content=\"Recette pieds de porcs farcis \u00e0 la sauce de truffes noires. Conseils de pr\u00e9paration pour savoir mettre la truffe en valeur.\" \/>\n<meta name=\"robots\" content=\"index, follow, max-snippet:-1, max-image-preview:large, max-video-preview:-1\" \/>\n<link rel=\"canonical\" href=\"https:\/\/www.trufgourmet.com\/fr\/pieds-de-porcs-farcis-a-la-sauce-de-truffes-noires\/\" \/>\n<meta property=\"og:locale\" content=\"fr_FR\" \/>\n<meta property=\"og:type\" content=\"article\" \/>\n<meta property=\"og:title\" content=\"Pieds de porcs farcis \u00e0 la sauce de truffes noires - TrufGourmet\" \/>\n<meta property=\"og:description\" content=\"Recette pieds de porcs farcis \u00e0 la sauce de truffes noires. Conseils de pr\u00e9paration pour savoir mettre la truffe en valeur.\" \/>\n<meta property=\"og:url\" content=\"https:\/\/www.trufgourmet.com\/fr\/pieds-de-porcs-farcis-a-la-sauce-de-truffes-noires\/\" \/>\n<meta property=\"og:site_name\" content=\"TrufGourmet\" \/>\n<meta property=\"article:publisher\" content=\"https:\/\/www.facebook.com\/TrufGourmet\" \/>\n<meta property=\"article:published_time\" content=\"2015-11-25T17:38:17+00:00\" \/>\n<meta property=\"article:modified_time\" content=\"2023-11-10T12:20:56+00:00\" \/>\n<meta property=\"og:image\" content=\"https:\/\/www.trufgourmet.com\/wp-content\/uploads\/2015\/11\/manita-rellena-de-carne-trufada.jpg\" \/>\n\t<meta property=\"og:image:width\" content=\"456\" \/>\n\t<meta property=\"og:image:height\" content=\"225\" \/>\n\t<meta property=\"og:image:type\" content=\"image\/jpeg\" \/>\n<meta name=\"author\" content=\"TrufGourmet\" \/>\n<meta name=\"twitter:card\" content=\"summary_large_image\" \/>\n<meta name=\"twitter:creator\" content=\"@TrufGourmet\" \/>\n<meta name=\"twitter:site\" content=\"@TrufGourmet\" \/>\n<meta name=\"twitter:label1\" content=\"\u00c9crit par\" \/>\n\t<meta name=\"twitter:data1\" content=\"TrufGourmet\" \/>\n\t<meta name=\"twitter:label2\" content=\"Dur\u00e9e de lecture estim\u00e9e\" \/>\n\t<meta name=\"twitter:data2\" content=\"1 minute\" \/>\n<script type=\"application\/ld+json\" class=\"yoast-schema-graph\">{\"@context\":\"https:\/\/schema.org\",\"@graph\":[{\"@type\":\"WebPage\",\"@id\":\"https:\/\/www.trufgourmet.com\/fr\/pieds-de-porcs-farcis-a-la-sauce-de-truffes-noires\/\",\"url\":\"https:\/\/www.trufgourmet.com\/fr\/pieds-de-porcs-farcis-a-la-sauce-de-truffes-noires\/\",\"name\":\"Pieds de porcs farcis \u00e0 la sauce de truffes noires - TrufGourmet\",\"isPartOf\":{\"@id\":\"https:\/\/www.trufgourmet.com\/fr\/#website\"},\"primaryImageOfPage\":{\"@id\":\"https:\/\/www.trufgourmet.com\/fr\/pieds-de-porcs-farcis-a-la-sauce-de-truffes-noires\/#primaryimage\"},\"image\":{\"@id\":\"https:\/\/www.trufgourmet.com\/fr\/pieds-de-porcs-farcis-a-la-sauce-de-truffes-noires\/#primaryimage\"},\"thumbnailUrl\":\"https:\/\/www.trufgourmet.com\/wp-content\/uploads\/2015\/11\/manita-rellena-de-carne-trufada.jpg\",\"datePublished\":\"2015-11-25T17:38:17+00:00\",\"dateModified\":\"2023-11-10T12:20:56+00:00\",\"author\":{\"@id\":\"https:\/\/www.trufgourmet.com\/fr\/#\/schema\/person\/28e138dc41a9b003736fea15dfd7db91\"},\"description\":\"Recette pieds de porcs farcis \u00e0 la sauce de truffes noires. Conseils de pr\u00e9paration pour savoir mettre la truffe en valeur.\",\"breadcrumb\":{\"@id\":\"https:\/\/www.trufgourmet.com\/fr\/pieds-de-porcs-farcis-a-la-sauce-de-truffes-noires\/#breadcrumb\"},\"inLanguage\":\"fr-FR\",\"potentialAction\":[{\"@type\":\"ReadAction\",\"target\":[\"https:\/\/www.trufgourmet.com\/fr\/pieds-de-porcs-farcis-a-la-sauce-de-truffes-noires\/\"]}]},{\"@type\":\"ImageObject\",\"inLanguage\":\"fr-FR\",\"@id\":\"https:\/\/www.trufgourmet.com\/fr\/pieds-de-porcs-farcis-a-la-sauce-de-truffes-noires\/#primaryimage\",\"url\":\"https:\/\/www.trufgourmet.com\/wp-content\/uploads\/2015\/11\/manita-rellena-de-carne-trufada.jpg\",\"contentUrl\":\"https:\/\/www.trufgourmet.com\/wp-content\/uploads\/2015\/11\/manita-rellena-de-carne-trufada.jpg\",\"width\":456,\"height\":225},{\"@type\":\"BreadcrumbList\",\"@id\":\"https:\/\/www.trufgourmet.com\/fr\/pieds-de-porcs-farcis-a-la-sauce-de-truffes-noires\/#breadcrumb\",\"itemListElement\":[{\"@type\":\"ListItem\",\"position\":1,\"name\":\"Portada\",\"item\":\"https:\/\/www.trufgourmet.com\/fr\/\"},{\"@type\":\"ListItem\",\"position\":2,\"name\":\"Pieds de porcs farcis \u00e0 la sauce de truffes noires\"}]},{\"@type\":\"WebSite\",\"@id\":\"https:\/\/www.trufgourmet.com\/fr\/#website\",\"url\":\"https:\/\/www.trufgourmet.com\/fr\/\",\"name\":\"TrufGourmet\",\"description\":\"El aut\u00e9ntico sabor inigualable de la trufa negra\",\"potentialAction\":[{\"@type\":\"SearchAction\",\"target\":{\"@type\":\"EntryPoint\",\"urlTemplate\":\"https:\/\/www.trufgourmet.com\/fr\/?s={search_term_string}\"},\"query-input\":{\"@type\":\"PropertyValueSpecification\",\"valueRequired\":true,\"valueName\":\"search_term_string\"}}],\"inLanguage\":\"fr-FR\"},{\"@type\":\"Person\",\"@id\":\"https:\/\/www.trufgourmet.com\/fr\/#\/schema\/person\/28e138dc41a9b003736fea15dfd7db91\",\"name\":\"TrufGourmet\",\"image\":{\"@type\":\"ImageObject\",\"inLanguage\":\"fr-FR\",\"@id\":\"https:\/\/www.trufgourmet.com\/fr\/#\/schema\/person\/image\/\",\"url\":\"https:\/\/secure.gravatar.com\/avatar\/184e71a7ecaee6c43087762bffd3d292096edaecf7d79ae2fcfa9ab172ea38bf?s=96&d=mm&r=g\",\"contentUrl\":\"https:\/\/secure.gravatar.com\/avatar\/184e71a7ecaee6c43087762bffd3d292096edaecf7d79ae2fcfa9ab172ea38bf?s=96&d=mm&r=g\",\"caption\":\"TrufGourmet\"},\"url\":\"https:\/\/www.trufgourmet.com\/fr\/author\/trufflegourmet\/\"}]}<\/script>\n<!-- \/ Yoast SEO plugin. -->","yoast_head_json":{"title":"Pieds de porcs farcis \u00e0 la sauce de truffes noires - TrufGourmet","description":"Recette pieds de porcs farcis \u00e0 la sauce de truffes noires. Conseils de pr\u00e9paration pour savoir mettre la truffe en valeur.","robots":{"index":"index","follow":"follow","max-snippet":"max-snippet:-1","max-image-preview":"max-image-preview:large","max-video-preview":"max-video-preview:-1"},"canonical":"https:\/\/www.trufgourmet.com\/fr\/pieds-de-porcs-farcis-a-la-sauce-de-truffes-noires\/","og_locale":"fr_FR","og_type":"article","og_title":"Pieds de porcs farcis \u00e0 la sauce de truffes noires - TrufGourmet","og_description":"Recette pieds de porcs farcis \u00e0 la sauce de truffes noires. Conseils de pr\u00e9paration pour savoir mettre la truffe en valeur.","og_url":"https:\/\/www.trufgourmet.com\/fr\/pieds-de-porcs-farcis-a-la-sauce-de-truffes-noires\/","og_site_name":"TrufGourmet","article_publisher":"https:\/\/www.facebook.com\/TrufGourmet","article_published_time":"2015-11-25T17:38:17+00:00","article_modified_time":"2023-11-10T12:20:56+00:00","og_image":[{"width":456,"height":225,"url":"https:\/\/www.trufgourmet.com\/wp-content\/uploads\/2015\/11\/manita-rellena-de-carne-trufada.jpg","type":"image\/jpeg"}],"author":"TrufGourmet","twitter_card":"summary_large_image","twitter_creator":"@TrufGourmet","twitter_site":"@TrufGourmet","twitter_misc":{"\u00c9crit par":"TrufGourmet","Dur\u00e9e de lecture estim\u00e9e":"1 minute"},"schema":{"@context":"https:\/\/schema.org","@graph":[{"@type":"WebPage","@id":"https:\/\/www.trufgourmet.com\/fr\/pieds-de-porcs-farcis-a-la-sauce-de-truffes-noires\/","url":"https:\/\/www.trufgourmet.com\/fr\/pieds-de-porcs-farcis-a-la-sauce-de-truffes-noires\/","name":"Pieds de porcs farcis \u00e0 la sauce de truffes noires - TrufGourmet","isPartOf":{"@id":"https:\/\/www.trufgourmet.com\/fr\/#website"},"primaryImageOfPage":{"@id":"https:\/\/www.trufgourmet.com\/fr\/pieds-de-porcs-farcis-a-la-sauce-de-truffes-noires\/#primaryimage"},"image":{"@id":"https:\/\/www.trufgourmet.com\/fr\/pieds-de-porcs-farcis-a-la-sauce-de-truffes-noires\/#primaryimage"},"thumbnailUrl":"https:\/\/www.trufgourmet.com\/wp-content\/uploads\/2015\/11\/manita-rellena-de-carne-trufada.jpg","datePublished":"2015-11-25T17:38:17+00:00","dateModified":"2023-11-10T12:20:56+00:00","author":{"@id":"https:\/\/www.trufgourmet.com\/fr\/#\/schema\/person\/28e138dc41a9b003736fea15dfd7db91"},"description":"Recette pieds de porcs farcis \u00e0 la sauce de truffes noires. Conseils de pr\u00e9paration pour savoir mettre la truffe en valeur.","breadcrumb":{"@id":"https:\/\/www.trufgourmet.com\/fr\/pieds-de-porcs-farcis-a-la-sauce-de-truffes-noires\/#breadcrumb"},"inLanguage":"fr-FR","potentialAction":[{"@type":"ReadAction","target":["https:\/\/www.trufgourmet.com\/fr\/pieds-de-porcs-farcis-a-la-sauce-de-truffes-noires\/"]}]},{"@type":"ImageObject","inLanguage":"fr-FR","@id":"https:\/\/www.trufgourmet.com\/fr\/pieds-de-porcs-farcis-a-la-sauce-de-truffes-noires\/#primaryimage","url":"https:\/\/www.trufgourmet.com\/wp-content\/uploads\/2015\/11\/manita-rellena-de-carne-trufada.jpg","contentUrl":"https:\/\/www.trufgourmet.com\/wp-content\/uploads\/2015\/11\/manita-rellena-de-carne-trufada.jpg","width":456,"height":225},{"@type":"BreadcrumbList","@id":"https:\/\/www.trufgourmet.com\/fr\/pieds-de-porcs-farcis-a-la-sauce-de-truffes-noires\/#breadcrumb","itemListElement":[{"@type":"ListItem","position":1,"name":"Portada","item":"https:\/\/www.trufgourmet.com\/fr\/"},{"@type":"ListItem","position":2,"name":"Pieds de porcs farcis \u00e0 la sauce de truffes noires"}]},{"@type":"WebSite","@id":"https:\/\/www.trufgourmet.com\/fr\/#website","url":"https:\/\/www.trufgourmet.com\/fr\/","name":"TrufGourmet","description":"El aut\u00e9ntico sabor inigualable de la trufa negra","potentialAction":[{"@type":"SearchAction","target":{"@type":"EntryPoint","urlTemplate":"https:\/\/www.trufgourmet.com\/fr\/?s={search_term_string}"},"query-input":{"@type":"PropertyValueSpecification","valueRequired":true,"valueName":"search_term_string"}}],"inLanguage":"fr-FR"},{"@type":"Person","@id":"https:\/\/www.trufgourmet.com\/fr\/#\/schema\/person\/28e138dc41a9b003736fea15dfd7db91","name":"TrufGourmet","image":{"@type":"ImageObject","inLanguage":"fr-FR","@id":"https:\/\/www.trufgourmet.com\/fr\/#\/schema\/person\/image\/","url":"https:\/\/secure.gravatar.com\/avatar\/184e71a7ecaee6c43087762bffd3d292096edaecf7d79ae2fcfa9ab172ea38bf?s=96&d=mm&r=g","contentUrl":"https:\/\/secure.gravatar.com\/avatar\/184e71a7ecaee6c43087762bffd3d292096edaecf7d79ae2fcfa9ab172ea38bf?s=96&d=mm&r=g","caption":"TrufGourmet"},"url":"https:\/\/www.trufgourmet.com\/fr\/author\/trufflegourmet\/"}]}},"_links":{"self":[{"href":"https:\/\/www.trufgourmet.com\/fr\/wp-json\/wp\/v2\/posts\/300","targetHints":{"allow":["GET"]}}],"collection":[{"href":"https:\/\/www.trufgourmet.com\/fr\/wp-json\/wp\/v2\/posts"}],"about":[{"href":"https:\/\/www.trufgourmet.com\/fr\/wp-json\/wp\/v2\/types\/post"}],"author":[{"embeddable":true,"href":"https:\/\/www.trufgourmet.com\/fr\/wp-json\/wp\/v2\/users\/1"}],"replies":[{"embeddable":true,"href":"https:\/\/www.trufgourmet.com\/fr\/wp-json\/wp\/v2\/comments?post=300"}],"version-history":[{"count":3,"href":"https:\/\/www.trufgourmet.com\/fr\/wp-json\/wp\/v2\/posts\/300\/revisions"}],"predecessor-version":[{"id":2134,"href":"https:\/\/www.trufgourmet.com\/fr\/wp-json\/wp\/v2\/posts\/300\/revisions\/2134"}],"wp:featuredmedia":[{"embeddable":true,"href":"https:\/\/www.trufgourmet.com\/fr\/wp-json\/wp\/v2\/media\/529"}],"wp:attachment":[{"href":"https:\/\/www.trufgourmet.com\/fr\/wp-json\/wp\/v2\/media?parent=300"}],"wp:term":[{"taxonomy":"category","embeddable":true,"href":"https:\/\/www.trufgourmet.com\/fr\/wp-json\/wp\/v2\/categories?post=300"},{"taxonomy":"post_tag","embeddable":true,"href":"https:\/\/www.trufgourmet.com\/fr\/wp-json\/wp\/v2\/tags?post=300"}],"curies":[{"name":"wp","href":"https:\/\/api.w.org\/{rel}","templated":true}]}}