{"id":718,"date":"2019-10-01T15:37:45","date_gmt":"2019-10-01T14:37:45","guid":{"rendered":"http:\/\/www.trufgourmet.com\/?p=718\/"},"modified":"2023-11-24T12:51:20","modified_gmt":"2023-11-24T11:51:20","slug":"la-cuisine-espagnole-au-paradis","status":"publish","type":"post","link":"https:\/\/www.trufgourmet.com\/fr\/la-cuisine-espagnole-au-paradis\/","title":{"rendered":"De la Cuisine Espagnole au Paradis"},"content":{"rendered":"<h1>Il y a 16 ans, un jeune Ferran Adri\u00e1 est apparu sur la premi\u00e8re page du \u00ab\u00a0New York Times\u00a0\u00bb,\u00a0 entrant \u00e0 l&rsquo;histoire de la cuisine espagnole. Sous sa photo on pouvait lire: \u00ab La Nouvelle Nouvelle Cuisine. Comment l&rsquo;Espagne devient la Nouvelle-France \u00bb.<\/h1>\n<h2>Quelques mois plus tard, le magazine Time incluait Adri\u00e1 dans la liste des 100 personnalit\u00e9s les plus influentes du monde.<\/h2>\n<div id=\"attachment_711\" style=\"width: 533px\" class=\"wp-caption aligncenter\"><a href=\"http:\/\/www.trufgourmet.com\/wp-content\/uploads\/2019\/10\/Ferr\u00e1n-Adri\u00e1-NYT.jpg\"><img loading=\"lazy\" decoding=\"async\" aria-describedby=\"caption-attachment-711\" class=\"wp-image-711 size-full\" src=\"https:\/\/beta.trufgourmet.com\/wp-content\/uploads\/2019\/10\/Ferr\u00e1n-Adri\u00e1-NYT.jpg\" alt=\"Ferran Adri\u00e1 sur la premi\u00e8re page du &quot;New York Times&quot; in 2003.\" width=\"523\" height=\"650\" srcset=\"https:\/\/www.trufgourmet.com\/wp-content\/uploads\/2019\/10\/Ferr\u00e1n-Adri\u00e1-NYT.jpg 523w, https:\/\/www.trufgourmet.com\/wp-content\/uploads\/2019\/10\/Ferr\u00e1n-Adri\u00e1-NYT-241x300.jpg 241w\" sizes=\"(max-width: 523px) 100vw, 523px\" \/><\/a><p id=\"caption-attachment-711\" class=\"wp-caption-text\">Ferran Adri\u00e1 sur la premi\u00e8re page du \u00ab\u00a0New York Times\u00a0\u00bb in 2003.<\/p><\/div>\n<p>Des reconnaissances comme celles-ci, ont marqu\u00e9 un avant et un apr\u00e8s, non seulement pour le fondateur de <strong>El Bulli<\/strong>, mais aussi pour la projection de la cuisine espagnole qui, apr\u00e8s des ann\u00e9es de travail, a vu r\u00e9compens\u00e9 tout le travail que ont fait de grands professionnels de ce moment-l\u00e0. Actuellement, nous connaissions les concepts de \u00ab\u00a0sph\u00e9rification\u00a0\u00bb, \u00ab\u00a0sel vivant\u00a0\u00bb, de mousses &#8230; plusieurs de ces termes sont utilis\u00e9s depuis des ann\u00e9es dans les cuisines des meilleurs restaurants du monde et d&rsquo;autres sont cr\u00e9\u00e9s chaque ann\u00e9e par les chefs les plus prestigieux : <strong>Ferran Adri\u00e1, Elena Arzak, Mart\u00edn Berasategui, Pedro Subijana, David Mu\u00f1oz, Andoni Luis Aduriz, Quique Dacosta, Joan Roca, Dani Garc\u00eda, Eneko Atxa, Carme Ruscalleda, Jordi Roca, Jordi Cruz, Karlos Argui\u00f1ano, Jos\u00e9 Andr\u00e9s Farrell<\/strong> et un long etc. Ils sont de grands ambassadeurs de la gastronomie espagnole et de la marque espagnole au niveau international.<\/p>\n<div id=\"attachment_714\" style=\"width: 660px\" class=\"wp-caption aligncenter\"><a href=\"http:\/\/www.trufgourmet.com\/wp-content\/uploads\/2019\/10\/Subijana-y-Oscar-en-Soria.jpg\"><img loading=\"lazy\" decoding=\"async\" aria-describedby=\"caption-attachment-714\" class=\"wp-image-714 size-full\" src=\"https:\/\/beta.trufgourmet.com\/wp-content\/uploads\/2019\/10\/Subijana-y-Oscar-en-Soria.jpg\" alt=\"The chef Pedro Subijana and \u00d3scar Garc\u00eda in the Soria\u00b4s Truffle Fair in 2019.\" width=\"650\" height=\"520\" srcset=\"https:\/\/www.trufgourmet.com\/wp-content\/uploads\/2019\/10\/Subijana-y-Oscar-en-Soria.jpg 650w, https:\/\/www.trufgourmet.com\/wp-content\/uploads\/2019\/10\/Subijana-y-Oscar-en-Soria-600x480.jpg 600w, https:\/\/www.trufgourmet.com\/wp-content\/uploads\/2019\/10\/Subijana-y-Oscar-en-Soria-300x240.jpg 300w\" sizes=\"(max-width: 650px) 100vw, 650px\" \/><\/a><p id=\"caption-attachment-714\" class=\"wp-caption-text\">The chef Pedro Subijana and \u00d3scar Garc\u00eda in the Soria\u00b4s Truffle Fair in 2019.<\/p><\/div>\n<p>Ils connaissent tous la truffe et l&rsquo;utilisent fra\u00eeche dans leurs plats afin de conserver tout son ar\u00f4me et sa saveur. En <strong>Espagne<\/strong>, nous avons non seulement des chefs magnifiques mais aussi la truffe la plus convoit\u00e9e du monde, apr\u00e8s la truffe blanche. C\u00b4est la <strong>Tuber Melanosporum<\/strong> que provient de diverses r\u00e9gions et provinces espagnoles telles que Soria (Castilla y Le\u00f3n).<\/p>\n<div id=\"attachment_651\" style=\"width: 330px\" class=\"wp-caption aligncenter\"><a href=\"http:\/\/www.trufgourmet.com\/wp-content\/uploads\/2018\/02\/Extra-black-truffle-peque.jpg\"><img loading=\"lazy\" decoding=\"async\" aria-describedby=\"caption-attachment-651\" class=\"wp-image-651 size-full\" src=\"https:\/\/beta.trufgourmet.com\/wp-content\/uploads\/2018\/02\/Extra-black-truffle-peque.jpg\" alt=\"Extra black truffle from Trufgourmet SL\" width=\"320\" height=\"240\" srcset=\"https:\/\/www.trufgourmet.com\/wp-content\/uploads\/2018\/02\/Extra-black-truffle-peque.jpg 320w, https:\/\/www.trufgourmet.com\/wp-content\/uploads\/2018\/02\/Extra-black-truffle-peque-300x225.jpg 300w\" sizes=\"(max-width: 320px) 100vw, 320px\" \/><\/a><p id=\"caption-attachment-651\" class=\"wp-caption-text\">Extra black truffle from Trufgourmet SL<\/p><\/div>\n<p>De la m\u00eame fa\u00e7on qu\u2019il est arriv\u00e9 avec le vin et l&rsquo;huile, les truffes espagnoles sont de plus en plus connues dans le monde entier. Nous travaillons pour que, dans peu de temps, nous n\u2019ayons pas \u00e0 expliquer que nous sommes <strong>l\u2019une des principales pays producteur de truffes du monde<\/strong>. De nombreuses cultures ont influenc\u00e9 notre cuisine au cours de l\u00b4histoire, contribuant \u00e0 sa richesse et \u00e0 sa vari\u00e9t\u00e9.<\/p>\n","protected":false},"excerpt":{"rendered":"<p>Il y a 16 ans, un jeune Ferran Adri\u00e1 est apparu sur la premi\u00e8re page du \u00ab\u00a0New York Times\u00a0\u00bb,\u00a0 entrant \u00e0 l&rsquo;histoire de la cuisine espagnole. Sous sa photo on pouvait lire: \u00ab La Nouvelle Nouvelle Cuisine. Comment l&rsquo;Espagne devient la Nouvelle-France \u00bb. Quelques mois plus tard, le magazine Time incluait Adri\u00e1 dans la liste [&hellip;]<\/p>\n","protected":false},"author":4,"featured_media":711,"comment_status":"open","ping_status":"open","sticky":false,"template":"","format":"standard","meta":{"_et_pb_use_builder":"","_et_pb_old_content":"","_et_gb_content_width":"","inline_featured_image":false,"_monsterinsights_skip_tracking":false,"_monsterinsights_sitenote_active":false,"_monsterinsights_sitenote_note":"","_monsterinsights_sitenote_category":0,"footnotes":""},"categories":[328],"tags":[394,399,407,397,393,390,406,398,389,404,396,401,400,403,402,391,405,392,395,365,388,99,100,101],"class_list":["post-718","post","type-post","status-publish","format-standard","has-post-thumbnail","hentry","category-nouvelles-fr","tag-andoni-luis-aduriz-fr","tag-carme-ruscalleda-fr","tag-cocina-espanola-fr","tag-dani-garcia-fr","tag-david-munoz-fr","tag-elena-arzak-fr","tag-elena-lucas-fr","tag-eneko-atxa-fr","tag-ferran-adria-fr","tag-fina-puigdevall-fr","tag-joan-roca-fr","tag-jordi-cruz-fr","tag-jordi-roca-fr","tag-jose-andres-fr","tag-karlos-arguinano-fr","tag-martin-berasategui-fr","tag-oscar-garcia-fr","tag-pedro-subijana-fr","tag-quique-dacosta-fr","tag-trufa-negra-fr","tag-trufas-fr","tag-truffe-soria-fr","tag-trufgourmet-fr","tag-tuber-melanosporum-fr"],"yoast_head":"<!-- This site is optimized with the Yoast SEO plugin v25.5 - https:\/\/yoast.com\/wordpress\/plugins\/seo\/ -->\n<title>De la Cuisine Espagnole au Paradis - TrufGourmet<\/title>\n<meta name=\"description\" content=\"Il y a 16 ans, un jeune Ferran Adri\u00e1 faisait la couverture du &quot;New York Times&quot; et marquait l&#039;histoire de la cuisine espagnole. Ils appr\u00e9cient l&#039;utilisation des truffes.\" \/>\n<meta name=\"robots\" content=\"index, follow, max-snippet:-1, max-image-preview:large, max-video-preview:-1\" \/>\n<link rel=\"canonical\" href=\"https:\/\/www.trufgourmet.com\/fr\/la-cuisine-espagnole-au-paradis\/\" \/>\n<meta property=\"og:locale\" content=\"fr_FR\" \/>\n<meta property=\"og:type\" content=\"article\" \/>\n<meta property=\"og:title\" content=\"De la Cuisine Espagnole au Paradis - TrufGourmet\" \/>\n<meta property=\"og:description\" content=\"Il y a 16 ans, un jeune Ferran Adri\u00e1 faisait la couverture du &quot;New York Times&quot; et marquait l&#039;histoire de la cuisine espagnole. Ils appr\u00e9cient l&#039;utilisation des truffes.\" \/>\n<meta property=\"og:url\" content=\"https:\/\/www.trufgourmet.com\/fr\/la-cuisine-espagnole-au-paradis\/\" \/>\n<meta property=\"og:site_name\" content=\"TrufGourmet\" \/>\n<meta property=\"article:publisher\" content=\"https:\/\/www.facebook.com\/TrufGourmet\" \/>\n<meta property=\"article:published_time\" content=\"2019-10-01T14:37:45+00:00\" \/>\n<meta property=\"article:modified_time\" content=\"2023-11-24T11:51:20+00:00\" \/>\n<meta property=\"og:image\" content=\"https:\/\/www.trufgourmet.com\/wp-content\/uploads\/2019\/10\/Ferr\u00e1n-Adri\u00e1-NYT.jpg\" \/>\n\t<meta property=\"og:image:width\" content=\"523\" \/>\n\t<meta property=\"og:image:height\" content=\"650\" \/>\n\t<meta property=\"og:image:type\" content=\"image\/jpeg\" \/>\n<meta name=\"author\" content=\"TrufGourmet\" \/>\n<meta name=\"twitter:card\" content=\"summary_large_image\" \/>\n<meta name=\"twitter:creator\" content=\"@TrufGourmet\" \/>\n<meta name=\"twitter:site\" content=\"@TrufGourmet\" \/>\n<meta name=\"twitter:label1\" content=\"\u00c9crit par\" \/>\n\t<meta name=\"twitter:data1\" content=\"TrufGourmet\" \/>\n\t<meta name=\"twitter:label2\" content=\"Dur\u00e9e de lecture estim\u00e9e\" \/>\n\t<meta name=\"twitter:data2\" content=\"2 minutes\" \/>\n<script type=\"application\/ld+json\" class=\"yoast-schema-graph\">{\"@context\":\"https:\/\/schema.org\",\"@graph\":[{\"@type\":\"WebPage\",\"@id\":\"https:\/\/www.trufgourmet.com\/fr\/la-cuisine-espagnole-au-paradis\/\",\"url\":\"https:\/\/www.trufgourmet.com\/fr\/la-cuisine-espagnole-au-paradis\/\",\"name\":\"De la Cuisine Espagnole au Paradis - TrufGourmet\",\"isPartOf\":{\"@id\":\"https:\/\/www.trufgourmet.com\/fr\/#website\"},\"primaryImageOfPage\":{\"@id\":\"https:\/\/www.trufgourmet.com\/fr\/la-cuisine-espagnole-au-paradis\/#primaryimage\"},\"image\":{\"@id\":\"https:\/\/www.trufgourmet.com\/fr\/la-cuisine-espagnole-au-paradis\/#primaryimage\"},\"thumbnailUrl\":\"https:\/\/www.trufgourmet.com\/wp-content\/uploads\/2019\/10\/Ferr\u00e1n-Adri\u00e1-NYT.jpg\",\"datePublished\":\"2019-10-01T14:37:45+00:00\",\"dateModified\":\"2023-11-24T11:51:20+00:00\",\"author\":{\"@id\":\"https:\/\/www.trufgourmet.com\/fr\/#\/schema\/person\/5003b87423019cb5851231d5254dc9e4\"},\"description\":\"Il y a 16 ans, un jeune Ferran Adri\u00e1 faisait la couverture du \\\"New York Times\\\" et marquait l'histoire de la cuisine espagnole. Ils appr\u00e9cient l'utilisation des truffes.\",\"breadcrumb\":{\"@id\":\"https:\/\/www.trufgourmet.com\/fr\/la-cuisine-espagnole-au-paradis\/#breadcrumb\"},\"inLanguage\":\"fr-FR\",\"potentialAction\":[{\"@type\":\"ReadAction\",\"target\":[\"https:\/\/www.trufgourmet.com\/fr\/la-cuisine-espagnole-au-paradis\/\"]}]},{\"@type\":\"ImageObject\",\"inLanguage\":\"fr-FR\",\"@id\":\"https:\/\/www.trufgourmet.com\/fr\/la-cuisine-espagnole-au-paradis\/#primaryimage\",\"url\":\"https:\/\/www.trufgourmet.com\/wp-content\/uploads\/2019\/10\/Ferr\u00e1n-Adri\u00e1-NYT.jpg\",\"contentUrl\":\"https:\/\/www.trufgourmet.com\/wp-content\/uploads\/2019\/10\/Ferr\u00e1n-Adri\u00e1-NYT.jpg\",\"width\":523,\"height\":650},{\"@type\":\"BreadcrumbList\",\"@id\":\"https:\/\/www.trufgourmet.com\/fr\/la-cuisine-espagnole-au-paradis\/#breadcrumb\",\"itemListElement\":[{\"@type\":\"ListItem\",\"position\":1,\"name\":\"Portada\",\"item\":\"https:\/\/www.trufgourmet.com\/fr\/\"},{\"@type\":\"ListItem\",\"position\":2,\"name\":\"De la Cuisine Espagnole au Paradis\"}]},{\"@type\":\"WebSite\",\"@id\":\"https:\/\/www.trufgourmet.com\/fr\/#website\",\"url\":\"https:\/\/www.trufgourmet.com\/fr\/\",\"name\":\"TrufGourmet\",\"description\":\"El aut\u00e9ntico sabor inigualable de la trufa negra\",\"potentialAction\":[{\"@type\":\"SearchAction\",\"target\":{\"@type\":\"EntryPoint\",\"urlTemplate\":\"https:\/\/www.trufgourmet.com\/fr\/?s={search_term_string}\"},\"query-input\":{\"@type\":\"PropertyValueSpecification\",\"valueRequired\":true,\"valueName\":\"search_term_string\"}}],\"inLanguage\":\"fr-FR\"},{\"@type\":\"Person\",\"@id\":\"https:\/\/www.trufgourmet.com\/fr\/#\/schema\/person\/5003b87423019cb5851231d5254dc9e4\",\"name\":\"TrufGourmet\",\"image\":{\"@type\":\"ImageObject\",\"inLanguage\":\"fr-FR\",\"@id\":\"https:\/\/www.trufgourmet.com\/fr\/#\/schema\/person\/image\/\",\"url\":\"https:\/\/secure.gravatar.com\/avatar\/819ec46d7a232e2b7730c53254030914790cb9d6e2f8f277e5624586814dde6d?s=96&d=mm&r=g\",\"contentUrl\":\"https:\/\/secure.gravatar.com\/avatar\/819ec46d7a232e2b7730c53254030914790cb9d6e2f8f277e5624586814dde6d?s=96&d=mm&r=g\",\"caption\":\"TrufGourmet\"},\"url\":\"https:\/\/www.trufgourmet.com\/fr\/author\/raquelviton\/\"}]}<\/script>\n<!-- \/ Yoast SEO plugin. -->","yoast_head_json":{"title":"De la Cuisine Espagnole au Paradis - TrufGourmet","description":"Il y a 16 ans, un jeune Ferran Adri\u00e1 faisait la couverture du \"New York Times\" et marquait l'histoire de la cuisine espagnole. Ils appr\u00e9cient l'utilisation des truffes.","robots":{"index":"index","follow":"follow","max-snippet":"max-snippet:-1","max-image-preview":"max-image-preview:large","max-video-preview":"max-video-preview:-1"},"canonical":"https:\/\/www.trufgourmet.com\/fr\/la-cuisine-espagnole-au-paradis\/","og_locale":"fr_FR","og_type":"article","og_title":"De la Cuisine Espagnole au Paradis - TrufGourmet","og_description":"Il y a 16 ans, un jeune Ferran Adri\u00e1 faisait la couverture du \"New York Times\" et marquait l'histoire de la cuisine espagnole. Ils appr\u00e9cient l'utilisation des truffes.","og_url":"https:\/\/www.trufgourmet.com\/fr\/la-cuisine-espagnole-au-paradis\/","og_site_name":"TrufGourmet","article_publisher":"https:\/\/www.facebook.com\/TrufGourmet","article_published_time":"2019-10-01T14:37:45+00:00","article_modified_time":"2023-11-24T11:51:20+00:00","og_image":[{"width":523,"height":650,"url":"https:\/\/www.trufgourmet.com\/wp-content\/uploads\/2019\/10\/Ferr\u00e1n-Adri\u00e1-NYT.jpg","type":"image\/jpeg"}],"author":"TrufGourmet","twitter_card":"summary_large_image","twitter_creator":"@TrufGourmet","twitter_site":"@TrufGourmet","twitter_misc":{"\u00c9crit par":"TrufGourmet","Dur\u00e9e de lecture estim\u00e9e":"2 minutes"},"schema":{"@context":"https:\/\/schema.org","@graph":[{"@type":"WebPage","@id":"https:\/\/www.trufgourmet.com\/fr\/la-cuisine-espagnole-au-paradis\/","url":"https:\/\/www.trufgourmet.com\/fr\/la-cuisine-espagnole-au-paradis\/","name":"De la Cuisine Espagnole au Paradis - TrufGourmet","isPartOf":{"@id":"https:\/\/www.trufgourmet.com\/fr\/#website"},"primaryImageOfPage":{"@id":"https:\/\/www.trufgourmet.com\/fr\/la-cuisine-espagnole-au-paradis\/#primaryimage"},"image":{"@id":"https:\/\/www.trufgourmet.com\/fr\/la-cuisine-espagnole-au-paradis\/#primaryimage"},"thumbnailUrl":"https:\/\/www.trufgourmet.com\/wp-content\/uploads\/2019\/10\/Ferr\u00e1n-Adri\u00e1-NYT.jpg","datePublished":"2019-10-01T14:37:45+00:00","dateModified":"2023-11-24T11:51:20+00:00","author":{"@id":"https:\/\/www.trufgourmet.com\/fr\/#\/schema\/person\/5003b87423019cb5851231d5254dc9e4"},"description":"Il y a 16 ans, un jeune Ferran Adri\u00e1 faisait la couverture du \"New York Times\" et marquait l'histoire de la cuisine espagnole. Ils appr\u00e9cient l'utilisation des truffes.","breadcrumb":{"@id":"https:\/\/www.trufgourmet.com\/fr\/la-cuisine-espagnole-au-paradis\/#breadcrumb"},"inLanguage":"fr-FR","potentialAction":[{"@type":"ReadAction","target":["https:\/\/www.trufgourmet.com\/fr\/la-cuisine-espagnole-au-paradis\/"]}]},{"@type":"ImageObject","inLanguage":"fr-FR","@id":"https:\/\/www.trufgourmet.com\/fr\/la-cuisine-espagnole-au-paradis\/#primaryimage","url":"https:\/\/www.trufgourmet.com\/wp-content\/uploads\/2019\/10\/Ferr\u00e1n-Adri\u00e1-NYT.jpg","contentUrl":"https:\/\/www.trufgourmet.com\/wp-content\/uploads\/2019\/10\/Ferr\u00e1n-Adri\u00e1-NYT.jpg","width":523,"height":650},{"@type":"BreadcrumbList","@id":"https:\/\/www.trufgourmet.com\/fr\/la-cuisine-espagnole-au-paradis\/#breadcrumb","itemListElement":[{"@type":"ListItem","position":1,"name":"Portada","item":"https:\/\/www.trufgourmet.com\/fr\/"},{"@type":"ListItem","position":2,"name":"De la Cuisine Espagnole au Paradis"}]},{"@type":"WebSite","@id":"https:\/\/www.trufgourmet.com\/fr\/#website","url":"https:\/\/www.trufgourmet.com\/fr\/","name":"TrufGourmet","description":"El aut\u00e9ntico sabor inigualable de la trufa negra","potentialAction":[{"@type":"SearchAction","target":{"@type":"EntryPoint","urlTemplate":"https:\/\/www.trufgourmet.com\/fr\/?s={search_term_string}"},"query-input":{"@type":"PropertyValueSpecification","valueRequired":true,"valueName":"search_term_string"}}],"inLanguage":"fr-FR"},{"@type":"Person","@id":"https:\/\/www.trufgourmet.com\/fr\/#\/schema\/person\/5003b87423019cb5851231d5254dc9e4","name":"TrufGourmet","image":{"@type":"ImageObject","inLanguage":"fr-FR","@id":"https:\/\/www.trufgourmet.com\/fr\/#\/schema\/person\/image\/","url":"https:\/\/secure.gravatar.com\/avatar\/819ec46d7a232e2b7730c53254030914790cb9d6e2f8f277e5624586814dde6d?s=96&d=mm&r=g","contentUrl":"https:\/\/secure.gravatar.com\/avatar\/819ec46d7a232e2b7730c53254030914790cb9d6e2f8f277e5624586814dde6d?s=96&d=mm&r=g","caption":"TrufGourmet"},"url":"https:\/\/www.trufgourmet.com\/fr\/author\/raquelviton\/"}]}},"_links":{"self":[{"href":"https:\/\/www.trufgourmet.com\/fr\/wp-json\/wp\/v2\/posts\/718","targetHints":{"allow":["GET"]}}],"collection":[{"href":"https:\/\/www.trufgourmet.com\/fr\/wp-json\/wp\/v2\/posts"}],"about":[{"href":"https:\/\/www.trufgourmet.com\/fr\/wp-json\/wp\/v2\/types\/post"}],"author":[{"embeddable":true,"href":"https:\/\/www.trufgourmet.com\/fr\/wp-json\/wp\/v2\/users\/4"}],"replies":[{"embeddable":true,"href":"https:\/\/www.trufgourmet.com\/fr\/wp-json\/wp\/v2\/comments?post=718"}],"version-history":[{"count":2,"href":"https:\/\/www.trufgourmet.com\/fr\/wp-json\/wp\/v2\/posts\/718\/revisions"}],"predecessor-version":[{"id":2278,"href":"https:\/\/www.trufgourmet.com\/fr\/wp-json\/wp\/v2\/posts\/718\/revisions\/2278"}],"wp:featuredmedia":[{"embeddable":true,"href":"https:\/\/www.trufgourmet.com\/fr\/wp-json\/wp\/v2\/media\/711"}],"wp:attachment":[{"href":"https:\/\/www.trufgourmet.com\/fr\/wp-json\/wp\/v2\/media?parent=718"}],"wp:term":[{"taxonomy":"category","embeddable":true,"href":"https:\/\/www.trufgourmet.com\/fr\/wp-json\/wp\/v2\/categories?post=718"},{"taxonomy":"post_tag","embeddable":true,"href":"https:\/\/www.trufgourmet.com\/fr\/wp-json\/wp\/v2\/tags?post=718"}],"curies":[{"name":"wp","href":"https:\/\/api.w.org\/{rel}","templated":true}]}}